{"id":5756,"date":"2024-04-29T17:11:05","date_gmt":"2024-04-29T15:11:05","guid":{"rendered":"https:\/\/villadjunah.com\/?p=5756"},"modified":"2024-06-21T22:45:52","modified_gmt":"2024-06-21T20:45:52","slug":"bfmtv-cote-dazur-04-2024","status":"publish","type":"post","link":"https:\/\/villadjunah.com\/fr\/presse\/bfmtv-cote-dazur-04-2024\/","title":{"rendered":"BFMTV C\u00f4te d&#8217;Azur &#8211; 04\/2024"},"content":{"rendered":"","protected":false},"excerpt":{"rendered":"","protected":false},"author":4,"featured_media":5754,"comment_status":"closed","ping_status":"closed","sticky":false,"template":"","format":"standard","meta":{"_monsterinsights_skip_tracking":false,"_monsterinsights_sitenote_active":false,"_monsterinsights_sitenote_note":"","_monsterinsights_sitenote_category":0},"categories":[16],"tags":[],"aioseo_notices":[],"yoast_head":"<!-- This site is optimized with the Yoast SEO plugin v18.5.1 - https:\/\/yoast.com\/wordpress\/plugins\/seo\/ -->\n<title>BFMTV C\u00f4te d&#039;Azur - 04\/2024 - Villa Djunah<\/title>\n<meta name=\"robots\" content=\"index, follow, max-snippet:-1, max-image-preview:large, max-video-preview:-1\" \/>\n<link rel=\"canonical\" href=\"https:\/\/villadjunah.com\/fr\/presse\/bfmtv-cote-dazur-04-2024\/\" \/>\n<meta property=\"og:locale\" content=\"fr_FR\" \/>\n<meta property=\"og:type\" content=\"article\" \/>\n<meta property=\"og:title\" content=\"BFMTV C\u00f4te d&#039;Azur - 04\/2024 - Villa Djunah\" \/>\n<meta property=\"og:url\" content=\"https:\/\/villadjunah.com\/fr\/presse\/bfmtv-cote-dazur-04-2024\/\" \/>\n<meta property=\"og:site_name\" content=\"Villa Djunah\" \/>\n<meta property=\"article:published_time\" content=\"2024-04-29T15:11:05+00:00\" \/>\n<meta property=\"article:modified_time\" content=\"2024-06-21T20:45:52+00:00\" \/>\n<meta property=\"og:image\" content=\"https:\/\/villadjunah.com\/wp-content\/uploads\/2024\/04\/bfm.jpeg\" \/>\n\t<meta property=\"og:image:width\" content=\"225\" \/>\n\t<meta property=\"og:image:height\" content=\"225\" \/>\n\t<meta property=\"og:image:type\" content=\"image\/jpeg\" \/>\n<meta name=\"twitter:card\" content=\"summary_large_image\" \/>\n<meta name=\"twitter:label1\" content=\"Written by\" \/>\n\t<meta name=\"twitter:data1\" content=\"catherine.stjohn@villa-djunah.com\" \/>\n<script type=\"application\/ld+json\" class=\"yoast-schema-graph\">{\"@context\":\"https:\/\/schema.org\",\"@graph\":[{\"@type\":\"Organization\",\"@id\":\"https:\/\/villadjunah.com\/#organization\",\"name\":\"Villa Djunah\",\"url\":\"https:\/\/villadjunah.com\/\",\"sameAs\":[],\"logo\":{\"@type\":\"ImageObject\",\"@id\":\"https:\/\/villadjunah.com\/#logo\",\"inLanguage\":\"fr-FR\",\"url\":\"https:\/\/villadjunah.com\/wp-content\/uploads\/2020\/06\/VD_Logo_Couleur-1.png\",\"contentUrl\":\"https:\/\/villadjunah.com\/wp-content\/uploads\/2020\/06\/VD_Logo_Couleur-1.png\",\"width\":174,\"height\":117,\"caption\":\"Villa Djunah\"},\"image\":{\"@id\":\"https:\/\/villadjunah.com\/#logo\"}},{\"@type\":\"WebSite\",\"@id\":\"https:\/\/villadjunah.com\/#website\",\"url\":\"https:\/\/villadjunah.com\/\",\"name\":\"Villa Djunah\",\"description\":\"Restaurant in Juan les pins\",\"publisher\":{\"@id\":\"https:\/\/villadjunah.com\/#organization\"},\"potentialAction\":[{\"@type\":\"SearchAction\",\"target\":{\"@type\":\"EntryPoint\",\"urlTemplate\":\"https:\/\/villadjunah.com\/?s={search_term_string}\"},\"query-input\":\"required name=search_term_string\"}],\"inLanguage\":\"fr-FR\"},{\"@type\":\"ImageObject\",\"@id\":\"https:\/\/villadjunah.com\/fr\/presse\/bfmtv-cote-dazur-04-2024\/#primaryimage\",\"inLanguage\":\"fr-FR\",\"url\":\"https:\/\/villadjunah.com\/wp-content\/uploads\/2024\/04\/bfm.jpeg\",\"contentUrl\":\"https:\/\/villadjunah.com\/wp-content\/uploads\/2024\/04\/bfm.jpeg\",\"width\":225,\"height\":225},{\"@type\":\"WebPage\",\"@id\":\"https:\/\/villadjunah.com\/fr\/presse\/bfmtv-cote-dazur-04-2024\/#webpage\",\"url\":\"https:\/\/villadjunah.com\/fr\/presse\/bfmtv-cote-dazur-04-2024\/\",\"name\":\"BFMTV C\u00f4te d'Azur - 04\/2024 - Villa Djunah\",\"isPartOf\":{\"@id\":\"https:\/\/villadjunah.com\/#website\"},\"primaryImageOfPage\":{\"@id\":\"https:\/\/villadjunah.com\/fr\/presse\/bfmtv-cote-dazur-04-2024\/#primaryimage\"},\"datePublished\":\"2024-04-29T15:11:05+00:00\",\"dateModified\":\"2024-06-21T20:45:52+00:00\",\"breadcrumb\":{\"@id\":\"https:\/\/villadjunah.com\/fr\/presse\/bfmtv-cote-dazur-04-2024\/#breadcrumb\"},\"inLanguage\":\"fr-FR\",\"potentialAction\":[{\"@type\":\"ReadAction\",\"target\":[\"https:\/\/villadjunah.com\/fr\/presse\/bfmtv-cote-dazur-04-2024\/\"]}]},{\"@type\":\"BreadcrumbList\",\"@id\":\"https:\/\/villadjunah.com\/fr\/presse\/bfmtv-cote-dazur-04-2024\/#breadcrumb\",\"itemListElement\":[{\"@type\":\"ListItem\",\"position\":1,\"name\":\"Home\",\"item\":\"https:\/\/villadjunah.com\/fr\/\"},{\"@type\":\"ListItem\",\"position\":2,\"name\":\"BFMTV C\u00f4te d&#8217;Azur &#8211; 04\/2024\"}]},{\"@type\":\"Article\",\"@id\":\"https:\/\/villadjunah.com\/fr\/presse\/bfmtv-cote-dazur-04-2024\/#article\",\"isPartOf\":{\"@id\":\"https:\/\/villadjunah.com\/fr\/presse\/bfmtv-cote-dazur-04-2024\/#webpage\"},\"author\":{\"@id\":\"https:\/\/villadjunah.com\/#\/schema\/person\/7d0c694be8a534ba3b945a134b8a69d3\"},\"headline\":\"BFMTV C\u00f4te d&#8217;Azur &#8211; 04\/2024\",\"datePublished\":\"2024-04-29T15:11:05+00:00\",\"dateModified\":\"2024-06-21T20:45:52+00:00\",\"mainEntityOfPage\":{\"@id\":\"https:\/\/villadjunah.com\/fr\/presse\/bfmtv-cote-dazur-04-2024\/#webpage\"},\"wordCount\":5,\"publisher\":{\"@id\":\"https:\/\/villadjunah.com\/#organization\"},\"image\":{\"@id\":\"https:\/\/villadjunah.com\/fr\/presse\/bfmtv-cote-dazur-04-2024\/#primaryimage\"},\"thumbnailUrl\":\"https:\/\/villadjunah.com\/wp-content\/uploads\/2024\/04\/bfm.jpeg\",\"articleSection\":[\"Presse\"],\"inLanguage\":\"fr-FR\"},{\"@type\":\"Person\",\"@id\":\"https:\/\/villadjunah.com\/#\/schema\/person\/7d0c694be8a534ba3b945a134b8a69d3\",\"name\":\"catherine.stjohn@villa-djunah.com\",\"image\":{\"@type\":\"ImageObject\",\"@id\":\"https:\/\/villadjunah.com\/#personlogo\",\"inLanguage\":\"fr-FR\",\"url\":\"https:\/\/secure.gravatar.com\/avatar\/714efe3fdaa7c7f87c543906222eec89?s=96&d=mm&r=g\",\"contentUrl\":\"https:\/\/secure.gravatar.com\/avatar\/714efe3fdaa7c7f87c543906222eec89?s=96&d=mm&r=g\",\"caption\":\"catherine.stjohn@villa-djunah.com\"},\"url\":\"https:\/\/villadjunah.com\/fr\/author\/catherine-stjohnvilla-djunah-com\/\"}]}<\/script>\n<!-- \/ Yoast SEO plugin. -->","yoast_head_json":{"title":"BFMTV C\u00f4te d'Azur - 04\/2024 - Villa Djunah","robots":{"index":"index","follow":"follow","max-snippet":"max-snippet:-1","max-image-preview":"max-image-preview:large","max-video-preview":"max-video-preview:-1"},"canonical":"https:\/\/villadjunah.com\/fr\/presse\/bfmtv-cote-dazur-04-2024\/","og_locale":"fr_FR","og_type":"article","og_title":"BFMTV C\u00f4te d'Azur - 04\/2024 - Villa Djunah","og_url":"https:\/\/villadjunah.com\/fr\/presse\/bfmtv-cote-dazur-04-2024\/","og_site_name":"Villa Djunah","article_published_time":"2024-04-29T15:11:05+00:00","article_modified_time":"2024-06-21T20:45:52+00:00","og_image":[{"width":225,"height":225,"url":"https:\/\/villadjunah.com\/wp-content\/uploads\/2024\/04\/bfm.jpeg","type":"image\/jpeg"}],"twitter_card":"summary_large_image","twitter_misc":{"Written by":"catherine.stjohn@villa-djunah.com"},"schema":{"@context":"https:\/\/schema.org","@graph":[{"@type":"Organization","@id":"https:\/\/villadjunah.com\/#organization","name":"Villa Djunah","url":"https:\/\/villadjunah.com\/","sameAs":[],"logo":{"@type":"ImageObject","@id":"https:\/\/villadjunah.com\/#logo","inLanguage":"fr-FR","url":"https:\/\/villadjunah.com\/wp-content\/uploads\/2020\/06\/VD_Logo_Couleur-1.png","contentUrl":"https:\/\/villadjunah.com\/wp-content\/uploads\/2020\/06\/VD_Logo_Couleur-1.png","width":174,"height":117,"caption":"Villa Djunah"},"image":{"@id":"https:\/\/villadjunah.com\/#logo"}},{"@type":"WebSite","@id":"https:\/\/villadjunah.com\/#website","url":"https:\/\/villadjunah.com\/","name":"Villa Djunah","description":"Restaurant in Juan les pins","publisher":{"@id":"https:\/\/villadjunah.com\/#organization"},"potentialAction":[{"@type":"SearchAction","target":{"@type":"EntryPoint","urlTemplate":"https:\/\/villadjunah.com\/?s={search_term_string}"},"query-input":"required name=search_term_string"}],"inLanguage":"fr-FR"},{"@type":"ImageObject","@id":"https:\/\/villadjunah.com\/fr\/presse\/bfmtv-cote-dazur-04-2024\/#primaryimage","inLanguage":"fr-FR","url":"https:\/\/villadjunah.com\/wp-content\/uploads\/2024\/04\/bfm.jpeg","contentUrl":"https:\/\/villadjunah.com\/wp-content\/uploads\/2024\/04\/bfm.jpeg","width":225,"height":225},{"@type":"WebPage","@id":"https:\/\/villadjunah.com\/fr\/presse\/bfmtv-cote-dazur-04-2024\/#webpage","url":"https:\/\/villadjunah.com\/fr\/presse\/bfmtv-cote-dazur-04-2024\/","name":"BFMTV C\u00f4te d'Azur - 04\/2024 - Villa Djunah","isPartOf":{"@id":"https:\/\/villadjunah.com\/#website"},"primaryImageOfPage":{"@id":"https:\/\/villadjunah.com\/fr\/presse\/bfmtv-cote-dazur-04-2024\/#primaryimage"},"datePublished":"2024-04-29T15:11:05+00:00","dateModified":"2024-06-21T20:45:52+00:00","breadcrumb":{"@id":"https:\/\/villadjunah.com\/fr\/presse\/bfmtv-cote-dazur-04-2024\/#breadcrumb"},"inLanguage":"fr-FR","potentialAction":[{"@type":"ReadAction","target":["https:\/\/villadjunah.com\/fr\/presse\/bfmtv-cote-dazur-04-2024\/"]}]},{"@type":"BreadcrumbList","@id":"https:\/\/villadjunah.com\/fr\/presse\/bfmtv-cote-dazur-04-2024\/#breadcrumb","itemListElement":[{"@type":"ListItem","position":1,"name":"Home","item":"https:\/\/villadjunah.com\/fr\/"},{"@type":"ListItem","position":2,"name":"BFMTV C\u00f4te d&#8217;Azur &#8211; 04\/2024"}]},{"@type":"Article","@id":"https:\/\/villadjunah.com\/fr\/presse\/bfmtv-cote-dazur-04-2024\/#article","isPartOf":{"@id":"https:\/\/villadjunah.com\/fr\/presse\/bfmtv-cote-dazur-04-2024\/#webpage"},"author":{"@id":"https:\/\/villadjunah.com\/#\/schema\/person\/7d0c694be8a534ba3b945a134b8a69d3"},"headline":"BFMTV C\u00f4te d&#8217;Azur &#8211; 04\/2024","datePublished":"2024-04-29T15:11:05+00:00","dateModified":"2024-06-21T20:45:52+00:00","mainEntityOfPage":{"@id":"https:\/\/villadjunah.com\/fr\/presse\/bfmtv-cote-dazur-04-2024\/#webpage"},"wordCount":5,"publisher":{"@id":"https:\/\/villadjunah.com\/#organization"},"image":{"@id":"https:\/\/villadjunah.com\/fr\/presse\/bfmtv-cote-dazur-04-2024\/#primaryimage"},"thumbnailUrl":"https:\/\/villadjunah.com\/wp-content\/uploads\/2024\/04\/bfm.jpeg","articleSection":["Presse"],"inLanguage":"fr-FR"},{"@type":"Person","@id":"https:\/\/villadjunah.com\/#\/schema\/person\/7d0c694be8a534ba3b945a134b8a69d3","name":"catherine.stjohn@villa-djunah.com","image":{"@type":"ImageObject","@id":"https:\/\/villadjunah.com\/#personlogo","inLanguage":"fr-FR","url":"https:\/\/secure.gravatar.com\/avatar\/714efe3fdaa7c7f87c543906222eec89?s=96&d=mm&r=g","contentUrl":"https:\/\/secure.gravatar.com\/avatar\/714efe3fdaa7c7f87c543906222eec89?s=96&d=mm&r=g","caption":"catherine.stjohn@villa-djunah.com"},"url":"https:\/\/villadjunah.com\/fr\/author\/catherine-stjohnvilla-djunah-com\/"}]}},"publishpress_future_action":{"enabled":false,"date":"2026-05-04 16:23:26","action":"draft","terms":[],"taxonomy":"category"},"acf":{"components":[{"acf_fc_layout":"banner","text":"<p>BFMTV C\u00f4te d&#8217;Azur<\/p>\n","author":"","background":{"ID":5752,"id":5752,"title":"BFM_VILLA_DJUNAH","filename":"BFM_VILLA_DJUNAH.jpeg","filesize":85728,"url":"https:\/\/villadjunah.com\/wp-content\/uploads\/2024\/04\/BFM_VILLA_DJUNAH.jpeg","link":"https:\/\/villadjunah.com\/fr\/presse\/bfmtv-cote-dazur-04-2024\/attachment\/bfm_villa_djunah-2\/","alt":"","author":"4","description":"","caption":"","name":"bfm_villa_djunah-2","status":"inherit","uploaded_to":5756,"date":"2024-04-29 15:01:41","modified":"2024-04-29 15:08:42","menu_order":0,"mime_type":"image\/jpeg","type":"image","subtype":"jpeg","icon":"https:\/\/villadjunah.com\/wp-includes\/images\/media\/default.png","width":1000,"height":522,"sizes":{"thumbnail":"https:\/\/villadjunah.com\/wp-content\/uploads\/2024\/04\/BFM_VILLA_DJUNAH-150x150.jpeg","thumbnail-width":150,"thumbnail-height":150,"medium":"https:\/\/villadjunah.com\/wp-content\/uploads\/2024\/04\/BFM_VILLA_DJUNAH-300x157.jpeg","medium-width":300,"medium-height":157,"medium_large":"https:\/\/villadjunah.com\/wp-content\/uploads\/2024\/04\/BFM_VILLA_DJUNAH-768x401.jpeg","medium_large-width":768,"medium_large-height":401,"large":"https:\/\/villadjunah.com\/wp-content\/uploads\/2024\/04\/BFM_VILLA_DJUNAH.jpeg","large-width":1000,"large-height":522,"1536x1536":"https:\/\/villadjunah.com\/wp-content\/uploads\/2024\/04\/BFM_VILLA_DJUNAH.jpeg","1536x1536-width":1000,"1536x1536-height":522,"2048x2048":"https:\/\/villadjunah.com\/wp-content\/uploads\/2024\/04\/BFM_VILLA_DJUNAH.jpeg","2048x2048-width":1000,"2048x2048-height":522,"wide":"https:\/\/villadjunah.com\/wp-content\/uploads\/2024\/04\/BFM_VILLA_DJUNAH.jpeg","wide-width":1000,"wide-height":522,"header_logo":"https:\/\/villadjunah.com\/wp-content\/uploads\/2024\/04\/BFM_VILLA_DJUNAH-174x91.jpeg","header_logo-width":174,"header_logo-height":91,"footer_logo":"https:\/\/villadjunah.com\/wp-content\/uploads\/2024\/04\/BFM_VILLA_DJUNAH-288x150.jpeg","footer_logo-width":288,"footer_logo-height":150,"icon_small":"https:\/\/villadjunah.com\/wp-content\/uploads\/2024\/04\/BFM_VILLA_DJUNAH-20x10.jpeg","icon_small-width":20,"icon_small-height":10,"icon_medium":"https:\/\/villadjunah.com\/wp-content\/uploads\/2024\/04\/BFM_VILLA_DJUNAH-42x22.jpeg","icon_medium-width":42,"icon_medium-height":22,"slide":"https:\/\/villadjunah.com\/wp-content\/uploads\/2024\/04\/BFM_VILLA_DJUNAH-432x226.jpeg","slide-width":432,"slide-height":226,"news_post":"https:\/\/villadjunah.com\/wp-content\/uploads\/2024\/04\/BFM_VILLA_DJUNAH-371x194.jpeg","news_post-width":371,"news_post-height":194}}},{"acf_fc_layout":"text_image","text_right":true,"title":"Notre interview sur BFMTV","type":"h1","text":"<p>Nous avons eu le plaisir d&#8217;accueillir l&#8217;\u00e9quipe de BFMTV C\u00f4te d&#8217;Azur pour un sujet autour de la r\u00e9ouverture de notre plage priv\u00e9e, Villa Djunah Beach.<\/p>\n","subtext":"","image":{"ID":5752,"id":5752,"title":"BFM_VILLA_DJUNAH","filename":"BFM_VILLA_DJUNAH.jpeg","filesize":85728,"url":"https:\/\/villadjunah.com\/wp-content\/uploads\/2024\/04\/BFM_VILLA_DJUNAH.jpeg","link":"https:\/\/villadjunah.com\/fr\/presse\/bfmtv-cote-dazur-04-2024\/attachment\/bfm_villa_djunah-2\/","alt":"","author":"4","description":"","caption":"","name":"bfm_villa_djunah-2","status":"inherit","uploaded_to":5756,"date":"2024-04-29 15:01:41","modified":"2024-04-29 15:08:42","menu_order":0,"mime_type":"image\/jpeg","type":"image","subtype":"jpeg","icon":"https:\/\/villadjunah.com\/wp-includes\/images\/media\/default.png","width":1000,"height":522,"sizes":{"thumbnail":"https:\/\/villadjunah.com\/wp-content\/uploads\/2024\/04\/BFM_VILLA_DJUNAH-150x150.jpeg","thumbnail-width":150,"thumbnail-height":150,"medium":"https:\/\/villadjunah.com\/wp-content\/uploads\/2024\/04\/BFM_VILLA_DJUNAH-300x157.jpeg","medium-width":300,"medium-height":157,"medium_large":"https:\/\/villadjunah.com\/wp-content\/uploads\/2024\/04\/BFM_VILLA_DJUNAH-768x401.jpeg","medium_large-width":768,"medium_large-height":401,"large":"https:\/\/villadjunah.com\/wp-content\/uploads\/2024\/04\/BFM_VILLA_DJUNAH.jpeg","large-width":1000,"large-height":522,"1536x1536":"https:\/\/villadjunah.com\/wp-content\/uploads\/2024\/04\/BFM_VILLA_DJUNAH.jpeg","1536x1536-width":1000,"1536x1536-height":522,"2048x2048":"https:\/\/villadjunah.com\/wp-content\/uploads\/2024\/04\/BFM_VILLA_DJUNAH.jpeg","2048x2048-width":1000,"2048x2048-height":522,"wide":"https:\/\/villadjunah.com\/wp-content\/uploads\/2024\/04\/BFM_VILLA_DJUNAH.jpeg","wide-width":1000,"wide-height":522,"header_logo":"https:\/\/villadjunah.com\/wp-content\/uploads\/2024\/04\/BFM_VILLA_DJUNAH-174x91.jpeg","header_logo-width":174,"header_logo-height":91,"footer_logo":"https:\/\/villadjunah.com\/wp-content\/uploads\/2024\/04\/BFM_VILLA_DJUNAH-288x150.jpeg","footer_logo-width":288,"footer_logo-height":150,"icon_small":"https:\/\/villadjunah.com\/wp-content\/uploads\/2024\/04\/BFM_VILLA_DJUNAH-20x10.jpeg","icon_small-width":20,"icon_small-height":10,"icon_medium":"https:\/\/villadjunah.com\/wp-content\/uploads\/2024\/04\/BFM_VILLA_DJUNAH-42x22.jpeg","icon_medium-width":42,"icon_medium-height":22,"slide":"https:\/\/villadjunah.com\/wp-content\/uploads\/2024\/04\/BFM_VILLA_DJUNAH-432x226.jpeg","slide-width":432,"slide-height":226,"news_post":"https:\/\/villadjunah.com\/wp-content\/uploads\/2024\/04\/BFM_VILLA_DJUNAH-371x194.jpeg","news_post-width":371,"news_post-height":194}},"button":{"title":"Retrouvez le documentaire complet ","url":"https:\/\/www.bfmtv.com\/cote-d-azur\/replay-emissions\/bonjour-cote-d-azur\/juan-les-pins-les-plages-privees-preparent-la-saison-estivale_VN-202404250208.html?fbclid=PAZXh0bgNhZW0CMTEAAaYHyQItjgsFNWJmfYozR8mcjd_LVzpvyCs5KMHb1oCb3Z4v9n79tZjkPrI_aem_ATao1MbEjQnIfeCujrrRrLVvh06KncTmxV55ONr7ghAn2dlP_nBc6xcKt2IGYEMmiCWiAxOTzCUP9bUpQAKQzMCI","target":"_blank"},"image_neg":false},{"acf_fc_layout":"space","value":"0.5rem"}]},"_links":{"self":[{"href":"https:\/\/villadjunah.com\/fr\/wp-json\/wp\/v2\/posts\/5756"}],"collection":[{"href":"https:\/\/villadjunah.com\/fr\/wp-json\/wp\/v2\/posts"}],"about":[{"href":"https:\/\/villadjunah.com\/fr\/wp-json\/wp\/v2\/types\/post"}],"author":[{"embeddable":true,"href":"https:\/\/villadjunah.com\/fr\/wp-json\/wp\/v2\/users\/4"}],"replies":[{"embeddable":true,"href":"https:\/\/villadjunah.com\/fr\/wp-json\/wp\/v2\/comments?post=5756"}],"version-history":[{"count":2,"href":"https:\/\/villadjunah.com\/fr\/wp-json\/wp\/v2\/posts\/5756\/revisions"}],"predecessor-version":[{"id":6027,"href":"https:\/\/villadjunah.com\/fr\/wp-json\/wp\/v2\/posts\/5756\/revisions\/6027"}],"wp:featuredmedia":[{"embeddable":true,"href":"https:\/\/villadjunah.com\/fr\/wp-json\/wp\/v2\/media\/5754"}],"wp:attachment":[{"href":"https:\/\/villadjunah.com\/fr\/wp-json\/wp\/v2\/media?parent=5756"}],"wp:term":[{"taxonomy":"category","embeddable":true,"href":"https:\/\/villadjunah.com\/fr\/wp-json\/wp\/v2\/categories?post=5756"},{"taxonomy":"post_tag","embeddable":true,"href":"https:\/\/villadjunah.com\/fr\/wp-json\/wp\/v2\/tags?post=5756"}],"curies":[{"name":"wp","href":"https:\/\/api.w.org\/{rel}","templated":true}]}}